{"id":216,"date":"2019-11-04T02:28:59","date_gmt":"2019-11-04T02:28:59","guid":{"rendered":"https:\/\/eportfolios.capilanou.ca\/miacanderan\/?p=216"},"modified":"2019-11-04T02:28:59","modified_gmt":"2019-11-04T02:28:59","slug":"survey-6","status":"publish","type":"post","link":"https:\/\/eportfolios.capilanou.ca\/miacanderan\/2019\/11\/04\/survey-6\/","title":{"rendered":"Survey 6"},"content":{"rendered":"\n<h3 class=\"wp-block-heading\">Catalan Modernisme<\/h3>\n\n\n\n<p> Art Nouveau made a huge impact on architecture in countries around the world. The architectural style of Catalan Modernisme, which is derived out of the Art Nouveau movement, had a spectacular impact on Spain. <\/p>\n\n\n\n<figure class=\"wp-block-image\"><img loading=\"lazy\" decoding=\"async\" width=\"681\" height=\"1024\" src=\"https:\/\/eportfolios.capilanou.ca\/miacanderan\/wp-content\/uploads\/sites\/9762\/2019\/11\/800px-Barcelona_Temple_Expiatori_de_la_Sagrada_Fam_lia_2050445207-681x1024.jpg\" alt=\"\" class=\"wp-image-217\" srcset=\"https:\/\/eportfolios.capilanou.ca\/miacanderan\/wp-content\/uploads\/sites\/9762\/2019\/11\/800px-Barcelona_Temple_Expiatori_de_la_Sagrada_Fam_lia_2050445207-681x1024.jpg 681w, https:\/\/eportfolios.capilanou.ca\/miacanderan\/wp-content\/uploads\/sites\/9762\/2019\/11\/800px-Barcelona_Temple_Expiatori_de_la_Sagrada_Fam_lia_2050445207-200x300.jpg 200w, https:\/\/eportfolios.capilanou.ca\/miacanderan\/wp-content\/uploads\/sites\/9762\/2019\/11\/800px-Barcelona_Temple_Expiatori_de_la_Sagrada_Fam_lia_2050445207-768x1155.jpg 768w, https:\/\/eportfolios.capilanou.ca\/miacanderan\/wp-content\/uploads\/sites\/9762\/2019\/11\/800px-Barcelona_Temple_Expiatori_de_la_Sagrada_Fam_lia_2050445207.jpg 800w\" sizes=\"auto, (max-width: 681px) 100vw, 681px\" \/><figcaption>This is the <em>Sagrada Familia<\/em>, which is an icon of Modernisme <\/figcaption><\/figure>\n\n\n\n<p>This impact was most significant in Barcelona, Catalonia. Catalan Modernisme left the city with a cultural heritage that stood out from other architectural styles. This style was more of an extreme version of Art Nouveau due to the fact that Spain during this time felt culturally isolated. This allowed them to express themselves in a more exotic and independent way than the rest of Europe. In this period, Art Nouveau in other areas around Europe expressed the Zeitgeist. <\/p>\n\n\n\n<p>After the Industrial Revolution and the technological advancements that came with it, Europe sought out a new way to live. Barcelona wanted a more modern society and for many reasons the city transformed, but it was from Llu\u00eds Dom\u00e8nech i Montaner, Antoni Gaud\u00ed and Josep Puig i Cadafalch that truly outlined Catalan Modernism architecture. The place in which their theories of modernism were put into practice was The World Exhibition of 1888. This is where these geniuses could live out their architectural fantasies and where it all started. <\/p>\n\n\n\n<p>Catalan Modernisme used progressive science and technology and included the national romanticism of the Arts and Crafts movement. The style\u2019s early pieces consisted of clear lines, as in the Castle of the three dragons. <\/p>\n\n\n\n<figure class=\"wp-block-image\"><img loading=\"lazy\" decoding=\"async\" width=\"800\" height=\"583\" src=\"https:\/\/eportfolios.capilanou.ca\/miacanderan\/wp-content\/uploads\/sites\/9762\/2019\/11\/800px-Barcelona_-_Castell_dels_Tres_Dragons_1.jpg\" alt=\"\" class=\"wp-image-218\" srcset=\"https:\/\/eportfolios.capilanou.ca\/miacanderan\/wp-content\/uploads\/sites\/9762\/2019\/11\/800px-Barcelona_-_Castell_dels_Tres_Dragons_1.jpg 800w, https:\/\/eportfolios.capilanou.ca\/miacanderan\/wp-content\/uploads\/sites\/9762\/2019\/11\/800px-Barcelona_-_Castell_dels_Tres_Dragons_1-300x219.jpg 300w, https:\/\/eportfolios.capilanou.ca\/miacanderan\/wp-content\/uploads\/sites\/9762\/2019\/11\/800px-Barcelona_-_Castell_dels_Tres_Dragons_1-768x560.jpg 768w\" sizes=\"auto, (max-width: 800px) 100vw, 800px\" \/><figcaption><em>The Castle of the Three Dragons<\/em> shows the early style of Modernisme.<\/figcaption><\/figure>\n\n\n\n<div class=\"wp-block-image\"><figure class=\"alignleft\"><img loading=\"lazy\" decoding=\"async\" width=\"320\" height=\"657\" src=\"https:\/\/eportfolios.capilanou.ca\/miacanderan\/wp-content\/uploads\/sites\/9762\/2019\/11\/320px-Gaudi-Batllo-0279ret.jpg\" alt=\"\" class=\"wp-image-219\" srcset=\"https:\/\/eportfolios.capilanou.ca\/miacanderan\/wp-content\/uploads\/sites\/9762\/2019\/11\/320px-Gaudi-Batllo-0279ret.jpg 320w, https:\/\/eportfolios.capilanou.ca\/miacanderan\/wp-content\/uploads\/sites\/9762\/2019\/11\/320px-Gaudi-Batllo-0279ret-146x300.jpg 146w\" sizes=\"auto, (max-width: 320px) 100vw, 320px\" \/><figcaption>The Casa Batllo, by Antoni Gaud\u00ed shows the iconic style through its shapes, colours, and naturalistic elements.<\/figcaption><\/figure><\/div>\n\n\n\n<p>It grew into using beautiful and organic shapes inspired by nature and forms that were exaggerated in such a way that look surreal, while still maintaining that nationalistic sentiment. The use of colour is also quite lovely.\u00a0<\/p>\n\n\n\n<p> In 1906, Modernisme was argued against a new style called Noucentisme, which was quite the opposite. 4 years later, Modernism got a reputation of being lavish and \u201cbad taste\u201d due to the patronage of the upper class and the behavior of the bourgeois. If I could speak on behalf of the other people in the world I think we would all agree that Modernism is a truly magnificent style. Today, millions of people visit these buildings just for that reason!  <\/p>\n\n\n\n<h4 class=\"wp-block-heading\">\nWorks Cited<\/h4>\n\n\n\n<p>\u201cModernisme &#8211; Barcelona Formative Period of Art.\u201d <em>Barcelona.de <\/em>,&nbsp; www.barcelona.de\/en\/barcelona-modernisme-art-nouveau.html.<\/p>\n\n\n\n<p>&#8220;Modernisme.&#8221; <em>The Thames &amp; Hudson Dictionary of Design Since 1900<\/em>, Guy Julier, Thames &amp; Hudson, 2nd edition, 2004. <em>Credo Reference<\/em>, https:\/\/ezproxy.capilanou.ca\/login?url=https:\/\/search.credoreference.com\/content\/entry\/thdesign\/modernisme\/0?institutionId=6884. Accessed 03 Nov. 2019.<\/p>\n\n\n\n<p>\u201cModernism- Art Noveau in Barcelona.\u201d <em>The Catalan Modernism and Barcelona<\/em>, Nunez I Navarro, 2019, www.casalleomorera.com\/en\/barcelona-and-modernism\/modernism\/ <\/p>\n\n\n\n<h4 class=\"wp-block-heading\">Images Cited<\/h4>\n\n\n\n<p>\nAmadalvarez. \u201cCasa Batll\u00f3.\u201d <em>Modernisme<\/em>, Wikipedia, Barcelona, 21 Sept. 2019, en.wikipedia.org\/wiki\/Modernisme.<\/p>\n\n\n\n<p>Selbymay. \u201cThe Castle of the Three Dragons in Winter.\u201d <em>Castle of the Three Dragons<\/em>, Wikipedia, Barcelona, 17 Feb. 2019, en.wikipedia.org\/wiki\/Castle_of_the_Three_Dragons.<\/p>\n\n\n\n<p>Staudt, Wolfgang. \u201cBarcelona Temple Expiatori De La Sagrada Familia .\u201d <em>Modernisme<\/em>, Wikipedia, Barcelona, 21 Sept. 2019, en.wikipedia.org\/wiki\/Modernisme. <\/p>\n","protected":false},"excerpt":{"rendered":"<p>Catalan Modernisme Art Nouveau made a huge impact on architecture in countries around the world. The architectural style of Catalan Modernisme, which is derived out of the Art Nouveau movement, had a spectacular impact on Spain. This impact was most significant in Barcelona, Catalonia. Catalan Modernisme left the city with a cultural heritage that stood&hellip; <a class=\"more-link\" href=\"https:\/\/eportfolios.capilanou.ca\/miacanderan\/2019\/11\/04\/survey-6\/\">Continue reading <span class=\"screen-reader-text\">Survey 6<\/span> <span class=\"meta-nav\" aria-hidden=\"true\">&rarr;<\/span><\/a><\/p>\n","protected":false},"author":9770,"featured_media":0,"comment_status":"open","ping_status":"open","sticky":false,"template":"","format":"standard","meta":{"footnotes":""},"categories":[2],"tags":[],"class_list":["post-216","post","type-post","status-publish","format-standard","hentry","category-141r"],"_links":{"self":[{"href":"https:\/\/eportfolios.capilanou.ca\/miacanderan\/wp-json\/wp\/v2\/posts\/216","targetHints":{"allow":["GET"]}}],"collection":[{"href":"https:\/\/eportfolios.capilanou.ca\/miacanderan\/wp-json\/wp\/v2\/posts"}],"about":[{"href":"https:\/\/eportfolios.capilanou.ca\/miacanderan\/wp-json\/wp\/v2\/types\/post"}],"author":[{"embeddable":true,"href":"https:\/\/eportfolios.capilanou.ca\/miacanderan\/wp-json\/wp\/v2\/users\/9770"}],"replies":[{"embeddable":true,"href":"https:\/\/eportfolios.capilanou.ca\/miacanderan\/wp-json\/wp\/v2\/comments?post=216"}],"version-history":[{"count":2,"href":"https:\/\/eportfolios.capilanou.ca\/miacanderan\/wp-json\/wp\/v2\/posts\/216\/revisions"}],"predecessor-version":[{"id":221,"href":"https:\/\/eportfolios.capilanou.ca\/miacanderan\/wp-json\/wp\/v2\/posts\/216\/revisions\/221"}],"wp:attachment":[{"href":"https:\/\/eportfolios.capilanou.ca\/miacanderan\/wp-json\/wp\/v2\/media?parent=216"}],"wp:term":[{"taxonomy":"category","embeddable":true,"href":"https:\/\/eportfolios.capilanou.ca\/miacanderan\/wp-json\/wp\/v2\/categories?post=216"},{"taxonomy":"post_tag","embeddable":true,"href":"https:\/\/eportfolios.capilanou.ca\/miacanderan\/wp-json\/wp\/v2\/tags?post=216"}],"curies":[{"name":"wp","href":"https:\/\/api.w.org\/{rel}","templated":true}]}}